{"id":334,"date":"2021-10-25T22:10:38","date_gmt":"2021-10-25T20:10:38","guid":{"rendered":"https:\/\/www.epicerie-lasource.fr\/sourcebook\/?p=334"},"modified":"2021-10-29T01:10:17","modified_gmt":"2021-10-28T23:10:17","slug":"suave-au-citron-ou-orange-facon-therese-et-benoit","status":"publish","type":"post","link":"https:\/\/www.epicerie-lasource.fr\/sourcebook\/suave-au-citron-ou-orange-facon-therese-et-benoit\/","title":{"rendered":"Suave au citron ou orange fa\u00e7on Th\u00e9r\u00e8se et Benoit"},"content":{"rendered":"<p>Le Suave au citron ou \u00e0 l\u2019orange fa\u00e7on Th\u00e9r\u00e8se (la m\u00e8re de Benoit)<\/p>\n<p>Pour 8 pers<br \/>\nPr\u00e9chauffez four thermostat 7 (210\u00b0)<\/p>\n<p>150 gr sucre en poudre<br \/>\n2 \u0153ufs<br \/>\n1 citron non trait\u00e9<br \/>\n150 gr de cr\u00e8me fra\u00eeche \u00e9paisse (celle de l\u2019autre Th\u00e9r\u00e8se \u2026. Ronckier)<br \/>\n115 gr de farine (j\u2019avais pris petit \u00e9peautre)<br \/>\nUn sachet de levure (10 gr env)<\/p>\n<p>Pour le gla\u00e7age 115 gr de sucre glace et le reste du jus de citron<\/p>\n<p>Dans un saladier, m\u00e9langez le sucre en poudre et les \u0153ufs entiers<br \/>\nAjoutez au m\u00e9lange le zeste d\u2019un citron et 2 c\u00e0s de jus<br \/>\nAjoutez ensuite la cr\u00e8me, puis la farine et la levure, m\u00e9langez<br \/>\nVersez le tout dans un moule \u00e0 manquer graiss\u00e9 et enfournez pendant 25 min<br \/>\nD\u00e9moulez le suave, le refroidir, glacez en surface avec le sucre glace m\u00e9lang\u00e9 avec le reste du jus de citron<br \/>\nPensez \u00e0 faire ce g\u00e2teau quelques heures avant pour que le gla\u00e7age prenne<\/p>\n<p>On peut faire le suave avec de l\u2019orange.<\/p>\n<p><img loading=\"lazy\" decoding=\"async\" class=\"size-medium wp-image-335 aligncenter\" src=\"https:\/\/www.epicerie-lasource.fr\/sourcebook\/wp-content\/uploads\/2021\/10\/suave-citron-300x225.jpg\" alt=\"\" width=\"300\" height=\"225\" srcset=\"https:\/\/www.epicerie-lasource.fr\/sourcebook\/wp-content\/uploads\/2021\/10\/suave-citron-300x225.jpg 300w, https:\/\/www.epicerie-lasource.fr\/sourcebook\/wp-content\/uploads\/2021\/10\/suave-citron-768x576.jpg 768w, https:\/\/www.epicerie-lasource.fr\/sourcebook\/wp-content\/uploads\/2021\/10\/suave-citron.jpg 800w\" sizes=\"auto, (min-width: 960px) 75vw, 100vw\" \/><\/p>\n","protected":false},"excerpt":{"rendered":"<p>Le Suave au citron ou \u00e0 l\u2019orange fa\u00e7on Th\u00e9r\u00e8se (la m\u00e8re de Benoit) Pour 8 pers Pr\u00e9chauffez four thermostat 7 (210\u00b0) 150 gr sucre en poudre 2 \u0153ufs 1 citron non trait\u00e9 150 gr de cr\u00e8me fra\u00eeche \u00e9paisse (celle de l\u2019autre Th\u00e9r\u00e8se \u2026. Ronckier) 115 gr de farine (j\u2019avais pris petit \u00e9peautre) Un sachet de [&hellip;]<\/p>\n","protected":false},"author":1,"featured_media":335,"comment_status":"open","ping_status":"open","sticky":false,"template":"","format":"standard","meta":{"footnotes":""},"categories":[35],"tags":[],"class_list":["post-334","post","type-post","status-publish","format-standard","has-post-thumbnail","hentry","category-les-recettes"],"_links":{"self":[{"href":"https:\/\/www.epicerie-lasource.fr\/sourcebook\/wp-json\/wp\/v2\/posts\/334","targetHints":{"allow":["GET"]}}],"collection":[{"href":"https:\/\/www.epicerie-lasource.fr\/sourcebook\/wp-json\/wp\/v2\/posts"}],"about":[{"href":"https:\/\/www.epicerie-lasource.fr\/sourcebook\/wp-json\/wp\/v2\/types\/post"}],"author":[{"embeddable":true,"href":"https:\/\/www.epicerie-lasource.fr\/sourcebook\/wp-json\/wp\/v2\/users\/1"}],"replies":[{"embeddable":true,"href":"https:\/\/www.epicerie-lasource.fr\/sourcebook\/wp-json\/wp\/v2\/comments?post=334"}],"version-history":[{"count":3,"href":"https:\/\/www.epicerie-lasource.fr\/sourcebook\/wp-json\/wp\/v2\/posts\/334\/revisions"}],"predecessor-version":[{"id":352,"href":"https:\/\/www.epicerie-lasource.fr\/sourcebook\/wp-json\/wp\/v2\/posts\/334\/revisions\/352"}],"wp:featuredmedia":[{"embeddable":true,"href":"https:\/\/www.epicerie-lasource.fr\/sourcebook\/wp-json\/wp\/v2\/media\/335"}],"wp:attachment":[{"href":"https:\/\/www.epicerie-lasource.fr\/sourcebook\/wp-json\/wp\/v2\/media?parent=334"}],"wp:term":[{"taxonomy":"category","embeddable":true,"href":"https:\/\/www.epicerie-lasource.fr\/sourcebook\/wp-json\/wp\/v2\/categories?post=334"},{"taxonomy":"post_tag","embeddable":true,"href":"https:\/\/www.epicerie-lasource.fr\/sourcebook\/wp-json\/wp\/v2\/tags?post=334"}],"curies":[{"name":"wp","href":"https:\/\/api.w.org\/{rel}","templated":true}]}}